{"id":854,"date":"2024-05-08T13:53:51","date_gmt":"2024-05-08T16:53:51","guid":{"rendered":"https:\/\/blog.padraocolor.com.br\/?p=854"},"modified":"2024-05-08T13:59:01","modified_gmt":"2024-05-08T16:59:01","slug":"presentes-unicos-para-o-dia-das-maes-na-padrao-color","status":"publish","type":"post","link":"https:\/\/blog.padraocolor.com.br\/?p=854","title":{"rendered":"Presentes \u00danicos para o Dia das M\u00e3es \u00e9 na Padr\u00e3o Color!"},"content":{"rendered":"\n<figure class=\"wp-block-image size-full is-resized\"><img fetchpriority=\"high\" decoding=\"async\" width=\"526\" height=\"310\" src=\"https:\/\/blog.padraocolor.com.br\/wp-content\/uploads\/2024\/05\/Sem-Titulo-1.png\" alt=\"\" class=\"wp-image-864\" style=\"width:840px;height:auto\" srcset=\"https:\/\/blog.padraocolor.com.br\/wp-content\/uploads\/2024\/05\/Sem-Titulo-1.png 526w, https:\/\/blog.padraocolor.com.br\/wp-content\/uploads\/2024\/05\/Sem-Titulo-1-300x177.png 300w\" sizes=\"(max-width: 526px) 100vw, 526px\" \/><\/figure>\n\n\n\n<h3 class=\"wp-block-heading has-text-align-center has-medium-font-size\"><strong>Prepare-se para o Dia das M\u00e3es <\/strong>na<strong> Padr\u00e3o Color<\/strong><\/h3>\n\n\n\n<p class=\"has-medium-font-size\">O Dia das M\u00e3es est\u00e1 pr\u00f3ximo e uma \u00f3tima forma de homenagear nossa m\u00e3e \u00e9 com presentes personalizados e cheios de significado. Na Padr\u00e3o Color, estamos prontos para ajud\u00e1-lo a tornar esse dia especial inesquec\u00edvel. Por isso, preparamos uma sele\u00e7\u00e3o especial de brindes personaliz\u00e1veis que certamente v\u00e3o emocionar e encantar todas as m\u00e3es.<\/p>\n\n\n\n<h2 class=\"wp-block-heading has-text-align-center\"><strong>Caneta Personalizada: Um Toque de Eleg\u00e2ncia e Personalidade<\/strong> para sua M\u00e3e<\/h2>\n\n\n\n<figure class=\"wp-block-image size-full is-resized\"><img decoding=\"async\" width=\"728\" height=\"458\" src=\"https:\/\/blog.padraocolor.com.br\/wp-content\/uploads\/2024\/05\/01.png\" alt=\"Dia das m\u00e3es_caneta\" class=\"wp-image-856\" style=\"width:838px;height:auto\" srcset=\"https:\/\/blog.padraocolor.com.br\/wp-content\/uploads\/2024\/05\/01.png 728w, https:\/\/blog.padraocolor.com.br\/wp-content\/uploads\/2024\/05\/01-300x189.png 300w\" sizes=\"(max-width: 728px) 100vw, 728px\" \/><\/figure>\n\n\n\n<p class=\"has-medium-font-size\">Nada como uma <strong><a href=\"https:\/\/www.padraocolor.com.br\/produtos\/caneta-personalizada\">caneta<\/a><\/strong> elegante e personalizada para adicionar um toque de sofistica\u00e7\u00e3o ao dia a dia da sua m\u00e3e. Escolha uma cor vibrante, adicione uma mensagem especial ou o nome dela e transforme esse objeto funcional em uma lembran\u00e7a. A Padr\u00e3o Color separou presentes \u00fanicos para o Dia das M\u00e3es no m\u00eas de maio. <\/p>\n\n\n\n<h2 class=\"wp-block-heading has-text-align-center\"><strong>Adesivo Personalizado: Criatividade e Personaliza\u00e7\u00e3o nos detalhes<\/strong><\/h2>\n\n\n\n<figure class=\"wp-block-image size-full is-resized\"><img decoding=\"async\" width=\"728\" height=\"458\" src=\"https:\/\/blog.padraocolor.com.br\/wp-content\/uploads\/2024\/05\/02.png\" alt=\"\" class=\"wp-image-857\" style=\"width:837px;height:auto\" srcset=\"https:\/\/blog.padraocolor.com.br\/wp-content\/uploads\/2024\/05\/02.png 728w, https:\/\/blog.padraocolor.com.br\/wp-content\/uploads\/2024\/05\/02-300x189.png 300w\" sizes=\"(max-width: 728px) 100vw, 728px\" \/><\/figure>\n\n\n\n<p class=\"has-medium-font-size\">Quem disse que os<strong><a href=\"https:\/\/www.padraocolor.com.br\/produtos\/adesivo-redondo\"> adesivos <\/a><\/strong>s\u00e3o apenas para crian\u00e7as? Surpreenda sua m\u00e3e com adesivos personalizados que podem ser usados para decorar agendas, notebooks, cadernos e muito mais. Por isso, deixe sua criatividade fluir na Padr\u00e3o Color e crie designs que expressem todo o seu amor e gratid\u00e3o.<\/p>\n\n\n\n<h2 class=\"wp-block-heading has-text-align-center\"><strong>Caneca Personalizada: Um Presente para Todos os Dias<\/strong><\/h2>\n\n\n\n<figure class=\"wp-block-image size-full is-resized\"><img loading=\"lazy\" decoding=\"async\" width=\"728\" height=\"458\" src=\"https:\/\/blog.padraocolor.com.br\/wp-content\/uploads\/2024\/05\/03.png\" alt=\"\" class=\"wp-image-858\" style=\"width:838px;height:auto\" srcset=\"https:\/\/blog.padraocolor.com.br\/wp-content\/uploads\/2024\/05\/03.png 728w, https:\/\/blog.padraocolor.com.br\/wp-content\/uploads\/2024\/05\/03-300x189.png 300w\" sizes=\"(max-width: 728px) 100vw, 728px\" \/><\/figure>\n\n\n\n<p class=\"has-medium-font-size\">Para as m\u00e3es que adoram desfrutar de uma boa x\u00edcara de caf\u00e9 ou ch\u00e1, uma <strong><a href=\"https:\/\/www.padraocolor.com.br\/produtos\/caneca\">caneca personalizada<\/a><\/strong> \u00e9 o presente ideal. Por isso, escolha uma foto especial, uma cita\u00e7\u00e3o inspiradora ou um design \u00fanico e transforme uma simples caneca em uma lembran\u00e7a que ser\u00e1 apreciada todas as manh\u00e3s.<\/p>\n\n\n\n<p class=\"has-medium-font-size\">Na Padr\u00e3o Color, voc\u00ea pode contar com produtos de alta qualidade, impress\u00e3o impec\u00e1vel e uma equipe dedicada pronta para tornar suas ideias em realidade. Ent\u00e3o, n\u00e3o perca a oportunidade de expressar todo o seu amor e gratid\u00e3o neste Dia das M\u00e3es com presentes \u00fanicos na Padr\u00e3o Color.<\/p>\n\n\n\n<p class=\"has-medium-font-size\">Visite nossa <a href=\"https:\/\/www.padraocolor.com.br\/\">loja online<\/a> ou entre em contato conosco para come\u00e7ar a criar o presente perfeito hoje mesmo. Celebre o amor incondicional de sua m\u00e3e com um presente \u00fanico quanto ela!<\/p>\n\n\n\n<p class=\"has-medium-font-size\"><strong>Feliz Dia das M\u00e3es!<\/strong><\/p>\n\n\n\n<p>Equipe Padr\u00e3o Color<\/p>\n","protected":false},"excerpt":{"rendered":"<p>Prepare-se para o Dia das M\u00e3es na Padr\u00e3o Color O Dia das M\u00e3es est\u00e1 pr\u00f3ximo e uma \u00f3tima forma de homenagear nossa m\u00e3e \u00e9 com presentes personalizados e cheios de significado. Na Padr\u00e3o Color, estamos prontos para ajud\u00e1-lo a tornar esse dia especial inesquec\u00edvel. Por isso, preparamos uma sele\u00e7\u00e3o especial de brindes personaliz\u00e1veis que certamente [&hellip;]<\/p>\n","protected":false},"author":2,"featured_media":864,"comment_status":"open","ping_status":"open","sticky":false,"template":"","format":"standard","meta":{"_monsterinsights_skip_tracking":false,"_monsterinsights_sitenote_active":false,"_monsterinsights_sitenote_note":"","_monsterinsights_sitenote_category":0,"footnotes":""},"categories":[43],"tags":[53,54,55],"class_list":["post-854","post","type-post","status-publish","format-standard","has-post-thumbnail","hentry","category-dicas","tag-dia-das-maes","tag-padrao-color","tag-personalizados","entry","has-media"],"yoast_head":"<!-- This site is optimized with the Yoast SEO plugin v22.0 - https:\/\/yoast.com\/wordpress\/plugins\/seo\/ -->\n<title>Presentes \u00danicos para o Dia das M\u00e3es \u00e9 na Padr\u00e3o Color! - Blog da Padr\u00e3o Color<\/title>\n<meta name=\"description\" content=\"Explore na Padr\u00e3o Color a sele\u00e7\u00e3o de presentes \u00fanicos e perfeitos para emocionar no Dia das M\u00e3es. Surpreenda com um toque especial!\" \/>\n<meta name=\"robots\" content=\"index, follow, max-snippet:-1, max-image-preview:large, max-video-preview:-1\" \/>\n<link rel=\"canonical\" href=\"https:\/\/blog.padraocolor.com.br\/?p=854\" \/>\n<meta property=\"og:locale\" content=\"pt_BR\" \/>\n<meta property=\"og:type\" content=\"article\" \/>\n<meta property=\"og:title\" content=\"Presentes \u00danicos para o Dia das M\u00e3es \u00e9 na Padr\u00e3o Color! - Blog da Padr\u00e3o Color\" \/>\n<meta property=\"og:description\" content=\"Explore na Padr\u00e3o Color a sele\u00e7\u00e3o de presentes \u00fanicos e perfeitos para emocionar no Dia das M\u00e3es. Surpreenda com um toque especial!\" \/>\n<meta property=\"og:url\" content=\"https:\/\/blog.padraocolor.com.br\/?p=854\" \/>\n<meta property=\"og:site_name\" content=\"Blog da Padr\u00e3o Color\" \/>\n<meta property=\"article:publisher\" content=\"https:\/\/www.facebook.com\/padraocolor\" \/>\n<meta property=\"article:published_time\" content=\"2024-05-08T16:53:51+00:00\" \/>\n<meta property=\"article:modified_time\" content=\"2024-05-08T16:59:01+00:00\" \/>\n<meta property=\"og:image\" content=\"https:\/\/blog.padraocolor.com.br\/wp-content\/uploads\/2024\/05\/Sem-Titulo-1.png\" \/>\n\t<meta property=\"og:image:width\" content=\"526\" \/>\n\t<meta property=\"og:image:height\" content=\"310\" \/>\n\t<meta property=\"og:image:type\" content=\"image\/png\" \/>\n<meta name=\"author\" content=\"Andressa Pereira\" \/>\n<meta name=\"twitter:card\" content=\"summary_large_image\" \/>\n<meta name=\"twitter:label1\" content=\"Escrito por\" \/>\n\t<meta name=\"twitter:data1\" content=\"Andressa Pereira\" \/>\n\t<meta name=\"twitter:label2\" content=\"Est. tempo de leitura\" \/>\n\t<meta name=\"twitter:data2\" content=\"3 minutos\" \/>\n<script type=\"application\/ld+json\" class=\"yoast-schema-graph\">{\"@context\":\"https:\/\/schema.org\",\"@graph\":[{\"@type\":\"Article\",\"@id\":\"https:\/\/blog.padraocolor.com.br\/?p=854#article\",\"isPartOf\":{\"@id\":\"https:\/\/blog.padraocolor.com.br\/?p=854\"},\"author\":{\"name\":\"Andressa Pereira\",\"@id\":\"https:\/\/blog.padraocolor.com.br\/#\/schema\/person\/19122f62de22499cdb99ff1c8c013e2c\"},\"headline\":\"Presentes \u00danicos para o Dia das M\u00e3es \u00e9 na Padr\u00e3o Color!\",\"datePublished\":\"2024-05-08T16:53:51+00:00\",\"dateModified\":\"2024-05-08T16:59:01+00:00\",\"mainEntityOfPage\":{\"@id\":\"https:\/\/blog.padraocolor.com.br\/?p=854\"},\"wordCount\":376,\"commentCount\":0,\"publisher\":{\"@id\":\"https:\/\/blog.padraocolor.com.br\/#organization\"},\"keywords\":[\"dia das m\u00e3es\",\"padr\u00e3o color\",\"personalizados\"],\"articleSection\":[\"Dicas\"],\"inLanguage\":\"pt-BR\",\"potentialAction\":[{\"@type\":\"CommentAction\",\"name\":\"Comment\",\"target\":[\"https:\/\/blog.padraocolor.com.br\/?p=854#respond\"]}]},{\"@type\":\"WebPage\",\"@id\":\"https:\/\/blog.padraocolor.com.br\/?p=854\",\"url\":\"https:\/\/blog.padraocolor.com.br\/?p=854\",\"name\":\"Presentes \u00danicos para o Dia das M\u00e3es \u00e9 na Padr\u00e3o Color! - Blog da Padr\u00e3o Color\",\"isPartOf\":{\"@id\":\"https:\/\/blog.padraocolor.com.br\/#website\"},\"datePublished\":\"2024-05-08T16:53:51+00:00\",\"dateModified\":\"2024-05-08T16:59:01+00:00\",\"description\":\"Explore na Padr\u00e3o Color a sele\u00e7\u00e3o de presentes \u00fanicos e perfeitos para emocionar no Dia das M\u00e3es. Surpreenda com um toque especial!\",\"breadcrumb\":{\"@id\":\"https:\/\/blog.padraocolor.com.br\/?p=854#breadcrumb\"},\"inLanguage\":\"pt-BR\",\"potentialAction\":[{\"@type\":\"ReadAction\",\"target\":[\"https:\/\/blog.padraocolor.com.br\/?p=854\"]}]},{\"@type\":\"BreadcrumbList\",\"@id\":\"https:\/\/blog.padraocolor.com.br\/?p=854#breadcrumb\",\"itemListElement\":[{\"@type\":\"ListItem\",\"position\":1,\"name\":\"In\u00edcio\",\"item\":\"https:\/\/blog.padraocolor.com.br\/\"},{\"@type\":\"ListItem\",\"position\":2,\"name\":\"Presentes \u00danicos para o Dia das M\u00e3es \u00e9 na Padr\u00e3o Color!\"}]},{\"@type\":\"WebSite\",\"@id\":\"https:\/\/blog.padraocolor.com.br\/#website\",\"url\":\"https:\/\/blog.padraocolor.com.br\/\",\"name\":\"Blog da Padr\u00e3o Color\",\"description\":\"O Blog \u00e9 o nosso canal para te manter informado sobre conte\u00fados, tutoriais ou novidades inspiradoras\",\"publisher\":{\"@id\":\"https:\/\/blog.padraocolor.com.br\/#organization\"},\"potentialAction\":[{\"@type\":\"SearchAction\",\"target\":{\"@type\":\"EntryPoint\",\"urlTemplate\":\"https:\/\/blog.padraocolor.com.br\/?s={search_term_string}\"},\"query-input\":\"required name=search_term_string\"}],\"inLanguage\":\"pt-BR\"},{\"@type\":\"Organization\",\"@id\":\"https:\/\/blog.padraocolor.com.br\/#organization\",\"name\":\"Blog da Padr\u00e3o Color\",\"url\":\"https:\/\/blog.padraocolor.com.br\/\",\"logo\":{\"@type\":\"ImageObject\",\"inLanguage\":\"pt-BR\",\"@id\":\"https:\/\/blog.padraocolor.com.br\/#\/schema\/logo\/image\/\",\"url\":\"https:\/\/blog.padraocolor.com.br\/wp-content\/uploads\/2023\/11\/Logo-novo-simbolo.png\",\"contentUrl\":\"https:\/\/blog.padraocolor.com.br\/wp-content\/uploads\/2023\/11\/Logo-novo-simbolo.png\",\"width\":1198,\"height\":886,\"caption\":\"Blog da Padr\u00e3o Color\"},\"image\":{\"@id\":\"https:\/\/blog.padraocolor.com.br\/#\/schema\/logo\/image\/\"},\"sameAs\":[\"https:\/\/www.facebook.com\/padraocolor\",\"https:\/\/www.instagram.com\/padraocolor\"]},{\"@type\":\"Person\",\"@id\":\"https:\/\/blog.padraocolor.com.br\/#\/schema\/person\/19122f62de22499cdb99ff1c8c013e2c\",\"name\":\"Andressa Pereira\",\"image\":{\"@type\":\"ImageObject\",\"inLanguage\":\"pt-BR\",\"@id\":\"https:\/\/blog.padraocolor.com.br\/#\/schema\/person\/image\/\",\"url\":\"https:\/\/secure.gravatar.com\/avatar\/a2ce7070d0ce66b9c760caa908136ef103a5966ff491c2910f8a1454f28a16de?s=96&d=mm&r=g\",\"contentUrl\":\"https:\/\/secure.gravatar.com\/avatar\/a2ce7070d0ce66b9c760caa908136ef103a5966ff491c2910f8a1454f28a16de?s=96&d=mm&r=g\",\"caption\":\"Andressa Pereira\"},\"url\":\"https:\/\/blog.padraocolor.com.br\/?author=2\"}]}<\/script>\n<!-- \/ Yoast SEO plugin. -->","yoast_head_json":{"title":"Presentes \u00danicos para o Dia das M\u00e3es \u00e9 na Padr\u00e3o Color! - Blog da Padr\u00e3o Color","description":"Explore na Padr\u00e3o Color a sele\u00e7\u00e3o de presentes \u00fanicos e perfeitos para emocionar no Dia das M\u00e3es. Surpreenda com um toque especial!","robots":{"index":"index","follow":"follow","max-snippet":"max-snippet:-1","max-image-preview":"max-image-preview:large","max-video-preview":"max-video-preview:-1"},"canonical":"https:\/\/blog.padraocolor.com.br\/?p=854","og_locale":"pt_BR","og_type":"article","og_title":"Presentes \u00danicos para o Dia das M\u00e3es \u00e9 na Padr\u00e3o Color! - Blog da Padr\u00e3o Color","og_description":"Explore na Padr\u00e3o Color a sele\u00e7\u00e3o de presentes \u00fanicos e perfeitos para emocionar no Dia das M\u00e3es. Surpreenda com um toque especial!","og_url":"https:\/\/blog.padraocolor.com.br\/?p=854","og_site_name":"Blog da Padr\u00e3o Color","article_publisher":"https:\/\/www.facebook.com\/padraocolor","article_published_time":"2024-05-08T16:53:51+00:00","article_modified_time":"2024-05-08T16:59:01+00:00","og_image":[{"width":526,"height":310,"url":"https:\/\/blog.padraocolor.com.br\/wp-content\/uploads\/2024\/05\/Sem-Titulo-1.png","type":"image\/png"}],"author":"Andressa Pereira","twitter_card":"summary_large_image","twitter_misc":{"Escrito por":"Andressa Pereira","Est. tempo de leitura":"3 minutos"},"schema":{"@context":"https:\/\/schema.org","@graph":[{"@type":"Article","@id":"https:\/\/blog.padraocolor.com.br\/?p=854#article","isPartOf":{"@id":"https:\/\/blog.padraocolor.com.br\/?p=854"},"author":{"name":"Andressa Pereira","@id":"https:\/\/blog.padraocolor.com.br\/#\/schema\/person\/19122f62de22499cdb99ff1c8c013e2c"},"headline":"Presentes \u00danicos para o Dia das M\u00e3es \u00e9 na Padr\u00e3o Color!","datePublished":"2024-05-08T16:53:51+00:00","dateModified":"2024-05-08T16:59:01+00:00","mainEntityOfPage":{"@id":"https:\/\/blog.padraocolor.com.br\/?p=854"},"wordCount":376,"commentCount":0,"publisher":{"@id":"https:\/\/blog.padraocolor.com.br\/#organization"},"keywords":["dia das m\u00e3es","padr\u00e3o color","personalizados"],"articleSection":["Dicas"],"inLanguage":"pt-BR","potentialAction":[{"@type":"CommentAction","name":"Comment","target":["https:\/\/blog.padraocolor.com.br\/?p=854#respond"]}]},{"@type":"WebPage","@id":"https:\/\/blog.padraocolor.com.br\/?p=854","url":"https:\/\/blog.padraocolor.com.br\/?p=854","name":"Presentes \u00danicos para o Dia das M\u00e3es \u00e9 na Padr\u00e3o Color! - Blog da Padr\u00e3o Color","isPartOf":{"@id":"https:\/\/blog.padraocolor.com.br\/#website"},"datePublished":"2024-05-08T16:53:51+00:00","dateModified":"2024-05-08T16:59:01+00:00","description":"Explore na Padr\u00e3o Color a sele\u00e7\u00e3o de presentes \u00fanicos e perfeitos para emocionar no Dia das M\u00e3es. Surpreenda com um toque especial!","breadcrumb":{"@id":"https:\/\/blog.padraocolor.com.br\/?p=854#breadcrumb"},"inLanguage":"pt-BR","potentialAction":[{"@type":"ReadAction","target":["https:\/\/blog.padraocolor.com.br\/?p=854"]}]},{"@type":"BreadcrumbList","@id":"https:\/\/blog.padraocolor.com.br\/?p=854#breadcrumb","itemListElement":[{"@type":"ListItem","position":1,"name":"In\u00edcio","item":"https:\/\/blog.padraocolor.com.br\/"},{"@type":"ListItem","position":2,"name":"Presentes \u00danicos para o Dia das M\u00e3es \u00e9 na Padr\u00e3o Color!"}]},{"@type":"WebSite","@id":"https:\/\/blog.padraocolor.com.br\/#website","url":"https:\/\/blog.padraocolor.com.br\/","name":"Blog da Padr\u00e3o Color","description":"O Blog \u00e9 o nosso canal para te manter informado sobre conte\u00fados, tutoriais ou novidades inspiradoras","publisher":{"@id":"https:\/\/blog.padraocolor.com.br\/#organization"},"potentialAction":[{"@type":"SearchAction","target":{"@type":"EntryPoint","urlTemplate":"https:\/\/blog.padraocolor.com.br\/?s={search_term_string}"},"query-input":"required name=search_term_string"}],"inLanguage":"pt-BR"},{"@type":"Organization","@id":"https:\/\/blog.padraocolor.com.br\/#organization","name":"Blog da Padr\u00e3o Color","url":"https:\/\/blog.padraocolor.com.br\/","logo":{"@type":"ImageObject","inLanguage":"pt-BR","@id":"https:\/\/blog.padraocolor.com.br\/#\/schema\/logo\/image\/","url":"https:\/\/blog.padraocolor.com.br\/wp-content\/uploads\/2023\/11\/Logo-novo-simbolo.png","contentUrl":"https:\/\/blog.padraocolor.com.br\/wp-content\/uploads\/2023\/11\/Logo-novo-simbolo.png","width":1198,"height":886,"caption":"Blog da Padr\u00e3o Color"},"image":{"@id":"https:\/\/blog.padraocolor.com.br\/#\/schema\/logo\/image\/"},"sameAs":["https:\/\/www.facebook.com\/padraocolor","https:\/\/www.instagram.com\/padraocolor"]},{"@type":"Person","@id":"https:\/\/blog.padraocolor.com.br\/#\/schema\/person\/19122f62de22499cdb99ff1c8c013e2c","name":"Andressa Pereira","image":{"@type":"ImageObject","inLanguage":"pt-BR","@id":"https:\/\/blog.padraocolor.com.br\/#\/schema\/person\/image\/","url":"https:\/\/secure.gravatar.com\/avatar\/a2ce7070d0ce66b9c760caa908136ef103a5966ff491c2910f8a1454f28a16de?s=96&d=mm&r=g","contentUrl":"https:\/\/secure.gravatar.com\/avatar\/a2ce7070d0ce66b9c760caa908136ef103a5966ff491c2910f8a1454f28a16de?s=96&d=mm&r=g","caption":"Andressa Pereira"},"url":"https:\/\/blog.padraocolor.com.br\/?author=2"}]}},"_links":{"self":[{"href":"https:\/\/blog.padraocolor.com.br\/index.php?rest_route=\/wp\/v2\/posts\/854","targetHints":{"allow":["GET"]}}],"collection":[{"href":"https:\/\/blog.padraocolor.com.br\/index.php?rest_route=\/wp\/v2\/posts"}],"about":[{"href":"https:\/\/blog.padraocolor.com.br\/index.php?rest_route=\/wp\/v2\/types\/post"}],"author":[{"embeddable":true,"href":"https:\/\/blog.padraocolor.com.br\/index.php?rest_route=\/wp\/v2\/users\/2"}],"replies":[{"embeddable":true,"href":"https:\/\/blog.padraocolor.com.br\/index.php?rest_route=%2Fwp%2Fv2%2Fcomments&post=854"}],"version-history":[{"count":8,"href":"https:\/\/blog.padraocolor.com.br\/index.php?rest_route=\/wp\/v2\/posts\/854\/revisions"}],"predecessor-version":[{"id":869,"href":"https:\/\/blog.padraocolor.com.br\/index.php?rest_route=\/wp\/v2\/posts\/854\/revisions\/869"}],"wp:featuredmedia":[{"embeddable":true,"href":"https:\/\/blog.padraocolor.com.br\/index.php?rest_route=\/wp\/v2\/media\/864"}],"wp:attachment":[{"href":"https:\/\/blog.padraocolor.com.br\/index.php?rest_route=%2Fwp%2Fv2%2Fmedia&parent=854"}],"wp:term":[{"taxonomy":"category","embeddable":true,"href":"https:\/\/blog.padraocolor.com.br\/index.php?rest_route=%2Fwp%2Fv2%2Fcategories&post=854"},{"taxonomy":"post_tag","embeddable":true,"href":"https:\/\/blog.padraocolor.com.br\/index.php?rest_route=%2Fwp%2Fv2%2Ftags&post=854"}],"curies":[{"name":"wp","href":"https:\/\/api.w.org\/{rel}","templated":true}]}}